{"id":11,"date":"2014-07-09T18:55:31","date_gmt":"2014-07-09T17:55:31","guid":{"rendered":"http:\/\/barbara.pasnet.fr\/?p=11"},"modified":"2015-02-26T16:58:44","modified_gmt":"2015-02-26T15:58:44","slug":"9-juillet-19h55","status":"publish","type":"post","link":"https:\/\/barbara.pasnet.fr\/?p=11","title":{"rendered":"9 Juillet 2014 chez Nagui"},"content":{"rendered":"<p><strong>18h55<\/strong><br \/>\n<img decoding=\"async\" src=\"private\/images\/nagui2.png\" alt=\"\" \/  width=\"150\"><br \/>\nApr\u00e8s son succ\u00e8s de la veille, Barbara ne va pas d\u00e9m\u00e9riter. Sa complicit\u00e9 avec Nagui continue \u00e0 nous r\u00e9jouir ou \u00e0 nous irriter, c&rsquo;est selon !<br \/>\nLa vid\u00e9o&#8230;<!--more--><\/p>\n<p><a title=\"Barbara chez Nagui\" href=\"private\/video\/N'oubliez pas les paroles_France 2_2014_07_09_18_55.ts\" target=\"_blank\"><img decoding=\"async\" src=\"private\/images\/nagui2.png\" alt=\"\" \/><\/a><\/p>\n<p><video src=\"private\/video\/N'oubliez pas les paroles_France 2_2014_07_09_18_55.mp4\" controls=\"controls\" width=\"300\" height=\"150\"><\/video><\/p>\n","protected":false},"excerpt":{"rendered":"<p>18h55 Apr\u00e8s son succ\u00e8s de la veille, Barbara ne va pas d\u00e9m\u00e9riter. Sa complicit\u00e9 avec Nagui continue \u00e0 nous r\u00e9jouir ou \u00e0 nous irriter, c&rsquo;est selon ! La vid\u00e9o&#8230;<\/p>\n","protected":false},"author":1,"featured_media":0,"comment_status":"open","ping_status":"open","sticky":false,"template":"","format":"standard","meta":[],"categories":[6,3],"tags":[],"_links":{"self":[{"href":"https:\/\/barbara.pasnet.fr\/index.php?rest_route=\/wp\/v2\/posts\/11"}],"collection":[{"href":"https:\/\/barbara.pasnet.fr\/index.php?rest_route=\/wp\/v2\/posts"}],"about":[{"href":"https:\/\/barbara.pasnet.fr\/index.php?rest_route=\/wp\/v2\/types\/post"}],"author":[{"embeddable":true,"href":"https:\/\/barbara.pasnet.fr\/index.php?rest_route=\/wp\/v2\/users\/1"}],"replies":[{"embeddable":true,"href":"https:\/\/barbara.pasnet.fr\/index.php?rest_route=%2Fwp%2Fv2%2Fcomments&post=11"}],"version-history":[{"count":14,"href":"https:\/\/barbara.pasnet.fr\/index.php?rest_route=\/wp\/v2\/posts\/11\/revisions"}],"predecessor-version":[{"id":93,"href":"https:\/\/barbara.pasnet.fr\/index.php?rest_route=\/wp\/v2\/posts\/11\/revisions\/93"}],"wp:attachment":[{"href":"https:\/\/barbara.pasnet.fr\/index.php?rest_route=%2Fwp%2Fv2%2Fmedia&parent=11"}],"wp:term":[{"taxonomy":"category","embeddable":true,"href":"https:\/\/barbara.pasnet.fr\/index.php?rest_route=%2Fwp%2Fv2%2Fcategories&post=11"},{"taxonomy":"post_tag","embeddable":true,"href":"https:\/\/barbara.pasnet.fr\/index.php?rest_route=%2Fwp%2Fv2%2Ftags&post=11"}],"curies":[{"name":"wp","href":"https:\/\/api.w.org\/{rel}","templated":true}]}}