{"id":156,"date":"2015-05-03T16:43:20","date_gmt":"2015-05-03T15:43:20","guid":{"rendered":"http:\/\/barbara.pasnet.fr\/?p=156"},"modified":"2015-05-06T13:56:13","modified_gmt":"2015-05-06T12:56:13","slug":"mannequin","status":"publish","type":"post","link":"https:\/\/barbara.pasnet.fr\/?p=156","title":{"rendered":"3 mai 2015 mannequin"},"content":{"rendered":"<table border=\"0px\">\n<tbody>\n<tr>\n<td>\n<figure id=\"attachment_157\" aria-describedby=\"caption-attachment-157\" style=\"width: 193px\" class=\"wp-caption alignnone\"><a href=\"https:\/\/barbara.pasnet.fr\/wp-content\/uploads\/2015\/05\/barbara5.jpg\"><img decoding=\"async\" loading=\"lazy\" class=\"wp-image-157 size-medium\" src=\"https:\/\/barbara.pasnet.fr\/wp-content\/uploads\/2015\/05\/barbara5-193x300.jpg\" alt=\"contemplative\" width=\"193\" height=\"300\" align=\"left\" hspace=\"30px\" srcset=\"https:\/\/barbara.pasnet.fr\/wp-content\/uploads\/2015\/05\/barbara5-193x300.jpg 193w, https:\/\/barbara.pasnet.fr\/wp-content\/uploads\/2015\/05\/barbara5-659x1024.jpg 659w, https:\/\/barbara.pasnet.fr\/wp-content\/uploads\/2015\/05\/barbara5.jpg 1696w\" sizes=\"(max-width: 193px) 100vw, 193px\" \/><\/a><figcaption id=\"caption-attachment-157\" class=\"wp-caption-text\">contemplative<\/figcaption><\/figure>\n<p>Ce 3 mai 2015, Ouest-France offre \u00e0 ses lecteurs un suppl\u00e9ment touristique vantant les tr\u00e9sors du Tr\u00e9gor.En couverture et au fil des pages, appara\u00eet notre Barbara.Pour notre plaisir.<\/td>\n<\/tr>\n<tr>\n<td>Voici les images des pages int\u00e9rieures :<div id='gallery-1' class='gallery galleryid-156 gallery-columns-3 gallery-size-thumbnail'><figure class='gallery-item'>\n\t\t\t<div class='gallery-icon portrait'>\n\t\t\t\t<a href='https:\/\/barbara.pasnet.fr\/?attachment_id=161'><img width=\"150\" height=\"150\" src=\"https:\/\/barbara.pasnet.fr\/wp-content\/uploads\/2015\/05\/barbara6-150x150.jpg\" class=\"attachment-thumbnail size-thumbnail\" alt=\"promeneuse solitaire\" decoding=\"async\" loading=\"lazy\" aria-describedby=\"gallery-1-161\" \/><\/a>\n\t\t\t<\/div>\n\t\t\t\t<figcaption class='wp-caption-text gallery-caption' id='gallery-1-161'>\n\t\t\t\tpromeneuse solitaire\n\t\t\t\t<\/figcaption><\/figure><figure class='gallery-item'>\n\t\t\t<div class='gallery-icon landscape'>\n\t\t\t\t<a href='https:\/\/barbara.pasnet.fr\/?attachment_id=163'><img width=\"150\" height=\"150\" src=\"https:\/\/barbara.pasnet.fr\/wp-content\/uploads\/2015\/05\/barbara8-150x150.jpg\" class=\"attachment-thumbnail size-thumbnail\" alt=\"plage en vue\" decoding=\"async\" loading=\"lazy\" aria-describedby=\"gallery-1-163\" \/><\/a>\n\t\t\t<\/div>\n\t\t\t\t<figcaption class='wp-caption-text gallery-caption' id='gallery-1-163'>\n\t\t\t\tplage en vue\n\t\t\t\t<\/figcaption><\/figure><figure class='gallery-item'>\n\t\t\t<div class='gallery-icon landscape'>\n\t\t\t\t<a href='https:\/\/barbara.pasnet.fr\/?attachment_id=162'><img width=\"150\" height=\"150\" src=\"https:\/\/barbara.pasnet.fr\/wp-content\/uploads\/2015\/05\/barbara7-150x150.jpg\" class=\"attachment-thumbnail size-thumbnail\" alt=\"navigatrice chevronn\u00e9e\" decoding=\"async\" loading=\"lazy\" aria-describedby=\"gallery-1-162\" \/><\/a>\n\t\t\t<\/div>\n\t\t\t\t<figcaption class='wp-caption-text gallery-caption' id='gallery-1-162'>\n\t\t\t\tnavigatrice chevronn\u00e9e\n\t\t\t\t<\/figcaption><\/figure>\n\t\t<\/div>\n<\/td>\n<\/tr>\n<\/tbody>\n<\/table>\n","protected":false},"excerpt":{"rendered":"<p>Ce 3 mai 2015, Ouest-France offre \u00e0 ses lecteurs un suppl\u00e9ment touristique vantant les tr\u00e9sors du Tr\u00e9gor.En couverture et au fil des pages, appara\u00eet notre Barbara.Pour notre plaisir. Voici les images des pages int\u00e9rieures :<\/p>\n","protected":false},"author":1,"featured_media":0,"comment_status":"open","ping_status":"open","sticky":false,"template":"","format":"standard","meta":[],"categories":[4],"tags":[],"_links":{"self":[{"href":"https:\/\/barbara.pasnet.fr\/index.php?rest_route=\/wp\/v2\/posts\/156"}],"collection":[{"href":"https:\/\/barbara.pasnet.fr\/index.php?rest_route=\/wp\/v2\/posts"}],"about":[{"href":"https:\/\/barbara.pasnet.fr\/index.php?rest_route=\/wp\/v2\/types\/post"}],"author":[{"embeddable":true,"href":"https:\/\/barbara.pasnet.fr\/index.php?rest_route=\/wp\/v2\/users\/1"}],"replies":[{"embeddable":true,"href":"https:\/\/barbara.pasnet.fr\/index.php?rest_route=%2Fwp%2Fv2%2Fcomments&post=156"}],"version-history":[{"count":19,"href":"https:\/\/barbara.pasnet.fr\/index.php?rest_route=\/wp\/v2\/posts\/156\/revisions"}],"predecessor-version":[{"id":179,"href":"https:\/\/barbara.pasnet.fr\/index.php?rest_route=\/wp\/v2\/posts\/156\/revisions\/179"}],"wp:attachment":[{"href":"https:\/\/barbara.pasnet.fr\/index.php?rest_route=%2Fwp%2Fv2%2Fmedia&parent=156"}],"wp:term":[{"taxonomy":"category","embeddable":true,"href":"https:\/\/barbara.pasnet.fr\/index.php?rest_route=%2Fwp%2Fv2%2Fcategories&post=156"},{"taxonomy":"post_tag","embeddable":true,"href":"https:\/\/barbara.pasnet.fr\/index.php?rest_route=%2Fwp%2Fv2%2Ftags&post=156"}],"curies":[{"name":"wp","href":"https:\/\/api.w.org\/{rel}","templated":true}]}}