{"id":209,"date":"2015-08-24T09:40:06","date_gmt":"2015-08-24T08:40:06","guid":{"rendered":"http:\/\/barbara.pasnet.fr\/?p=209"},"modified":"2015-09-22T16:41:01","modified_gmt":"2015-09-22T15:41:01","slug":"prochain-concert-le-4-septembre-2015","status":"publish","type":"post","link":"https:\/\/barbara.pasnet.fr\/?p=209","title":{"rendered":"4 septembre 2015"},"content":{"rendered":"<p><a href=\"https:\/\/barbara.pasnet.fr\/wp-content\/uploads\/2015\/08\/baba1.jpg\"><img decoding=\"async\" loading=\"lazy\" class=\"alignnone size-medium wp-image-228\" src=\"https:\/\/barbara.pasnet.fr\/wp-content\/uploads\/2015\/08\/baba1-300x300.jpg\" alt=\"baba1\" width=\"300\" height=\"300\" srcset=\"https:\/\/barbara.pasnet.fr\/wp-content\/uploads\/2015\/08\/baba1-300x300.jpg 300w, https:\/\/barbara.pasnet.fr\/wp-content\/uploads\/2015\/08\/baba1-150x150.jpg 150w, https:\/\/barbara.pasnet.fr\/wp-content\/uploads\/2015\/08\/baba1.jpg 544w\" sizes=\"(max-width: 300px) 100vw, 300px\" \/><\/a><\/p>\n<p>Rendez-vous au <strong>Digor Kalon*<\/strong> \u00e0 Perros-Guirec samedi soir.<\/p>\n<p><a href=\"https:\/\/barbara.pasnet.fr\/wp-content\/uploads\/2015\/08\/digorkalon.png\"><img decoding=\"async\" loading=\"lazy\" class=\"alignnone size-medium wp-image-247\" src=\"https:\/\/barbara.pasnet.fr\/wp-content\/uploads\/2015\/08\/digorkalon-300x172.png\" alt=\"digorkalon\" width=\"300\" height=\"172\" srcset=\"https:\/\/barbara.pasnet.fr\/wp-content\/uploads\/2015\/08\/digorkalon-300x172.png 300w, https:\/\/barbara.pasnet.fr\/wp-content\/uploads\/2015\/08\/digorkalon.png 571w\" sizes=\"(max-width: 300px) 100vw, 300px\" \/><\/a><br \/>\n<span style=\"color: #ff0000;\"><em>En attendant, \u00e9coutons Barbara interpr\u00e9ter \u00ab\u00a0Babe, I&rsquo;m a fool\u00a0\u00bb (Melody Gardot) accompagn\u00e9e par Philippe Brunel,<\/em><\/span><strong><span style=\"color: #ff0000;\"><em><br \/>\n<\/em><\/span><\/strong><\/p>\n<!--[if lt IE 9]><script>document.createElement('audio');<\/script><![endif]-->\n<audio class=\"wp-audio-shortcode\" id=\"audio-209-1\" preload=\"none\" style=\"width: 100%;\" controls=\"controls\"><source type=\"audio\/mpeg\" src=\"https:\/\/barbara.pasnet.fr\/wp-content\/uploads\/2015\/08\/babe.mp3?_=1\" \/><a href=\"https:\/\/barbara.pasnet.fr\/wp-content\/uploads\/2015\/08\/babe.mp3\">https:\/\/barbara.pasnet.fr\/wp-content\/uploads\/2015\/08\/babe.mp3<\/a><\/audio>\n<p><span style=\"color: #ff0000;\"><em>et \u00ab\u00a0les \u00e9toiles\u00a0\u00bb avec Philippe Brunel &amp; Co &#8230;<\/em><\/span><\/p>\n<audio class=\"wp-audio-shortcode\" id=\"audio-209-2\" preload=\"none\" style=\"width: 100%;\" controls=\"controls\"><source type=\"audio\/mpeg\" src=\"https:\/\/barbara.pasnet.fr\/wp-content\/uploads\/2015\/08\/etoiles.mp3?_=2\" \/><a href=\"https:\/\/barbara.pasnet.fr\/wp-content\/uploads\/2015\/08\/etoiles.mp3\">https:\/\/barbara.pasnet.fr\/wp-content\/uploads\/2015\/08\/etoiles.mp3<\/a><\/audio>\n<p>(*) <em>Digor Kalon signifie \u00ab\u00a0bon app\u00e9tit\u00a0\u00bb, on peut donc y manger.<\/em><\/p>\n","protected":false},"excerpt":{"rendered":"<p>Rendez-vous au Digor Kalon* \u00e0 Perros-Guirec samedi soir. En attendant, \u00e9coutons Barbara interpr\u00e9ter \u00ab\u00a0Babe, I&rsquo;m a fool\u00a0\u00bb (Melody Gardot) accompagn\u00e9e par Philippe Brunel, et \u00ab\u00a0les \u00e9toiles\u00a0\u00bb avec Philippe Brunel &amp; Co &#8230; (*) Digor Kalon signifie \u00ab\u00a0bon app\u00e9tit\u00a0\u00bb, on peut donc y manger.<\/p>\n","protected":false},"author":1,"featured_media":0,"comment_status":"open","ping_status":"open","sticky":false,"template":"","format":"standard","meta":[],"categories":[6],"tags":[],"_links":{"self":[{"href":"https:\/\/barbara.pasnet.fr\/index.php?rest_route=\/wp\/v2\/posts\/209"}],"collection":[{"href":"https:\/\/barbara.pasnet.fr\/index.php?rest_route=\/wp\/v2\/posts"}],"about":[{"href":"https:\/\/barbara.pasnet.fr\/index.php?rest_route=\/wp\/v2\/types\/post"}],"author":[{"embeddable":true,"href":"https:\/\/barbara.pasnet.fr\/index.php?rest_route=\/wp\/v2\/users\/1"}],"replies":[{"embeddable":true,"href":"https:\/\/barbara.pasnet.fr\/index.php?rest_route=%2Fwp%2Fv2%2Fcomments&post=209"}],"version-history":[{"count":25,"href":"https:\/\/barbara.pasnet.fr\/index.php?rest_route=\/wp\/v2\/posts\/209\/revisions"}],"predecessor-version":[{"id":259,"href":"https:\/\/barbara.pasnet.fr\/index.php?rest_route=\/wp\/v2\/posts\/209\/revisions\/259"}],"wp:attachment":[{"href":"https:\/\/barbara.pasnet.fr\/index.php?rest_route=%2Fwp%2Fv2%2Fmedia&parent=209"}],"wp:term":[{"taxonomy":"category","embeddable":true,"href":"https:\/\/barbara.pasnet.fr\/index.php?rest_route=%2Fwp%2Fv2%2Fcategories&post=209"},{"taxonomy":"post_tag","embeddable":true,"href":"https:\/\/barbara.pasnet.fr\/index.php?rest_route=%2Fwp%2Fv2%2Ftags&post=209"}],"curies":[{"name":"wp","href":"https:\/\/api.w.org\/{rel}","templated":true}]}}