{"id":83,"date":"2014-11-29T09:20:07","date_gmt":"2014-11-29T08:20:07","guid":{"rendered":"http:\/\/barbara.pasnet.fr\/?p=83"},"modified":"2015-04-26T17:16:00","modified_gmt":"2015-04-26T16:16:00","slug":"29-novembre-2014-a-treguier","status":"publish","type":"post","link":"https:\/\/barbara.pasnet.fr\/?p=83","title":{"rendered":"29 novembre 2014 \u00e0 Tr\u00e9guier"},"content":{"rendered":"<p><a href=\"https:\/\/barbara.pasnet.fr\/wp-content\/uploads\/2014\/11\/treguier.png\"><img decoding=\"async\" loading=\"lazy\" class=\"alignnone size-medium wp-image-107\" src=\"https:\/\/barbara.pasnet.fr\/wp-content\/uploads\/2014\/11\/treguier-300x199.png\" alt=\"treguier\" width=\"300\" height=\"199\" srcset=\"https:\/\/barbara.pasnet.fr\/wp-content\/uploads\/2014\/11\/treguier-300x199.png 300w, https:\/\/barbara.pasnet.fr\/wp-content\/uploads\/2014\/11\/treguier.png 337w\" sizes=\"(max-width: 300px) 100vw, 300px\" \/><\/a><br \/>\nL&rsquo;article de Ouest-France <a href=\"https:\/\/barbara.pasnet.fr\/private\/pdf\/treguierOF.pdf\" target=\"_blank\">pdf<\/a><\/p>\n<p>\u00ab\u00a0Une premi\u00e8re partie musicale<br \/>\nsur une mise en sc\u00e8ne originale,<br \/>\nfaussement improvis\u00e9e, confirme<strong> les<\/strong><br \/>\n<strong> atouts polyvalents de la chanteuse<\/strong>,<br \/>\nBarbara Poulain, alias Valentine Boucart,<br \/>\ndans la pi\u00e8ce de th\u00e9\u00e2tre.<br \/>\nUn mini-r\u00e9cital de la jeune femme,<br \/>\naccompagn\u00e9e \u00e0 la guitare par Zahir,<br \/>\ndans un duo qui donne le ton<br \/>\nde la soir\u00e9e. Une d\u00e9licieuse mise<br \/>\nen bouche sur un menu de qualit\u00e9&#8230;\u00a0\u00bb<\/p>\n","protected":false},"excerpt":{"rendered":"<p>L&rsquo;article de Ouest-France pdf \u00ab\u00a0Une premi\u00e8re partie musicale sur une mise en sc\u00e8ne originale, faussement improvis\u00e9e, confirme les atouts polyvalents de la chanteuse, Barbara Poulain, alias Valentine Boucart, dans la pi\u00e8ce de th\u00e9\u00e2tre. Un mini-r\u00e9cital de la jeune femme, accompagn\u00e9e \u00e0 la guitare par Zahir, dans un duo qui donne le ton de la soir\u00e9e. &hellip; <a href=\"https:\/\/barbara.pasnet.fr\/?p=83\" class=\"more-link\">Continuer la lecture de <span class=\"screen-reader-text\">29 novembre 2014 \u00e0 Tr\u00e9guier<\/span>  <span class=\"meta-nav\">&rarr;<\/span><\/a><\/p>\n","protected":false},"author":1,"featured_media":0,"comment_status":"open","ping_status":"open","sticky":false,"template":"","format":"standard","meta":[],"categories":[6,5],"tags":[],"_links":{"self":[{"href":"https:\/\/barbara.pasnet.fr\/index.php?rest_route=\/wp\/v2\/posts\/83"}],"collection":[{"href":"https:\/\/barbara.pasnet.fr\/index.php?rest_route=\/wp\/v2\/posts"}],"about":[{"href":"https:\/\/barbara.pasnet.fr\/index.php?rest_route=\/wp\/v2\/types\/post"}],"author":[{"embeddable":true,"href":"https:\/\/barbara.pasnet.fr\/index.php?rest_route=\/wp\/v2\/users\/1"}],"replies":[{"embeddable":true,"href":"https:\/\/barbara.pasnet.fr\/index.php?rest_route=%2Fwp%2Fv2%2Fcomments&post=83"}],"version-history":[{"count":5,"href":"https:\/\/barbara.pasnet.fr\/index.php?rest_route=\/wp\/v2\/posts\/83\/revisions"}],"predecessor-version":[{"id":154,"href":"https:\/\/barbara.pasnet.fr\/index.php?rest_route=\/wp\/v2\/posts\/83\/revisions\/154"}],"wp:attachment":[{"href":"https:\/\/barbara.pasnet.fr\/index.php?rest_route=%2Fwp%2Fv2%2Fmedia&parent=83"}],"wp:term":[{"taxonomy":"category","embeddable":true,"href":"https:\/\/barbara.pasnet.fr\/index.php?rest_route=%2Fwp%2Fv2%2Fcategories&post=83"},{"taxonomy":"post_tag","embeddable":true,"href":"https:\/\/barbara.pasnet.fr\/index.php?rest_route=%2Fwp%2Fv2%2Ftags&post=83"}],"curies":[{"name":"wp","href":"https:\/\/api.w.org\/{rel}","templated":true}]}}