{"id":95,"date":"2015-02-24T10:54:09","date_gmt":"2015-02-24T09:54:09","guid":{"rendered":"http:\/\/barbara.pasnet.fr\/?p=95"},"modified":"2015-02-24T10:59:00","modified_gmt":"2015-02-24T09:59:00","slug":"24-fevrier-2015","status":"publish","type":"post","link":"https:\/\/barbara.pasnet.fr\/?p=95","title":{"rendered":"24 f\u00e9vrier 2015 sur Le T\u00e9l\u00e9gramme"},"content":{"rendered":"<p><a href=\"https:\/\/barbara.pasnet.fr\/wp-content\/uploads\/2015\/02\/les-15-et-16-fevrier-a-perros-trebeurden-ou-encore_2267987.jpg\"><img decoding=\"async\" loading=\"lazy\" src=\"https:\/\/barbara.pasnet.fr\/wp-content\/uploads\/2015\/02\/les-15-et-16-fevrier-a-perros-trebeurden-ou-encore_2267987-300x200.jpg\" alt=\"les-15-et-16-fevrier-a-perros-trebeurden-ou-encore_2267987\" width=\"300\" height=\"200\" class=\"alignnone size-medium wp-image-98\" srcset=\"https:\/\/barbara.pasnet.fr\/wp-content\/uploads\/2015\/02\/les-15-et-16-fevrier-a-perros-trebeurden-ou-encore_2267987-300x200.jpg 300w, https:\/\/barbara.pasnet.fr\/wp-content\/uploads\/2015\/02\/les-15-et-16-fevrier-a-perros-trebeurden-ou-encore_2267987.jpg 469w\" sizes=\"(max-width: 300px) 100vw, 300px\" \/><\/a><br \/>\nCe matin, Le T\u00e9l\u00e9gramme publie un excellent article sur Barbara \u00e9crit par Val\u00e9rie Le Moigne.<br \/>\n<a href=\"https:\/\/barbara.pasnet.fr\/wp-content\/uploads\/2015\/02\/20150224LNN2.pdf\">L&rsquo;article du T\u00e9l\u00e9gramme en fichier PDF<\/a><\/p>\n","protected":false},"excerpt":{"rendered":"<p>Ce matin, Le T\u00e9l\u00e9gramme publie un excellent article sur Barbara \u00e9crit par Val\u00e9rie Le Moigne. L&rsquo;article du T\u00e9l\u00e9gramme en fichier PDF<\/p>\n","protected":false},"author":1,"featured_media":0,"comment_status":"open","ping_status":"open","sticky":false,"template":"","format":"standard","meta":[],"categories":[6,4],"tags":[],"_links":{"self":[{"href":"https:\/\/barbara.pasnet.fr\/index.php?rest_route=\/wp\/v2\/posts\/95"}],"collection":[{"href":"https:\/\/barbara.pasnet.fr\/index.php?rest_route=\/wp\/v2\/posts"}],"about":[{"href":"https:\/\/barbara.pasnet.fr\/index.php?rest_route=\/wp\/v2\/types\/post"}],"author":[{"embeddable":true,"href":"https:\/\/barbara.pasnet.fr\/index.php?rest_route=\/wp\/v2\/users\/1"}],"replies":[{"embeddable":true,"href":"https:\/\/barbara.pasnet.fr\/index.php?rest_route=%2Fwp%2Fv2%2Fcomments&post=95"}],"version-history":[{"count":6,"href":"https:\/\/barbara.pasnet.fr\/index.php?rest_route=\/wp\/v2\/posts\/95\/revisions"}],"predecessor-version":[{"id":103,"href":"https:\/\/barbara.pasnet.fr\/index.php?rest_route=\/wp\/v2\/posts\/95\/revisions\/103"}],"wp:attachment":[{"href":"https:\/\/barbara.pasnet.fr\/index.php?rest_route=%2Fwp%2Fv2%2Fmedia&parent=95"}],"wp:term":[{"taxonomy":"category","embeddable":true,"href":"https:\/\/barbara.pasnet.fr\/index.php?rest_route=%2Fwp%2Fv2%2Fcategories&post=95"},{"taxonomy":"post_tag","embeddable":true,"href":"https:\/\/barbara.pasnet.fr\/index.php?rest_route=%2Fwp%2Fv2%2Ftags&post=95"}],"curies":[{"name":"wp","href":"https:\/\/api.w.org\/{rel}","templated":true}]}}